{"id":4237,"date":"2025-12-10T11:55:59","date_gmt":"2025-12-10T09:55:59","guid":{"rendered":"https:\/\/pihlske.no\/non-classe\/kuasen\/"},"modified":"2026-06-18T15:25:05","modified_gmt":"2026-06-18T13:25:05","slug":"kuasen","status":"publish","type":"post","link":"https:\/\/pihlske.no\/fr\/domaines-de-chalets\/kuasen\/","title":{"rendered":"Ku\u00e5sen"},"content":{"rendered":"\n<p class=\"wp-block-paragraph\">Ku\u00e5sen est une zone de chalets paisible dans le Ringsakerfjellet, \u00e0 proximit\u00e9 de Sjusj\u00f8en. La r\u00e9gion offre une nature facilement accessible avec des zones foresti\u00e8res, des sentiers de montagne et de bonnes possibilit\u00e9s de randonn\u00e9e en \u00e9t\u00e9 comme en hiver. La plupart des chalets le long de la route ont \u00e9t\u00e9 construits dans les ann\u00e9es 1950, et plus tard un nouveau secteur s&rsquo;est d\u00e9velopp\u00e9 vers Gjestbods\u00e5sen. On y trouve des chalets avec raccordement \u00e9lectrique et points d&rsquo;eau, ce qui offre un bon confort dans un cadre montagnard traditionnel. <\/p>\n\n<p class=\"wp-block-paragraph\">C&rsquo;est \u00e9galement ici que se trouve la c\u00e9l\u00e8bre Luddenhytta, o\u00f9 Ludvik Olestadengen a v\u00e9cu pendant 40 ans jusqu&rsquo;en 1955. Le chalet reste ouvert afin que chacun puisse entrer et d\u00e9couvrir comment vivait Ludden.<br\/>De l\u00e0, un nouveau sentier de randonn\u00e9e a \u00e9galement \u00e9t\u00e9 am\u00e9nag\u00e9 vers Gjestbods\u00e5sen et Midtfjellkoia, con\u00e7u pour \u00eatre accessible \u00e0 tous.<br\/><br\/>Ku\u00e5sen est un point de d\u00e9part appr\u00e9ci\u00e9 pour les randonn\u00e9es \u00e0 v\u00e9lo, \u00e0 pied et le ski de fond, et la courte distance jusqu&rsquo;\u00e0 Kroksj\u00f8en et Sjusj\u00f8en rend la r\u00e9gion attrayante pour les activit\u00e9s de plein air et la d\u00e9tente. L&rsquo;atmosph\u00e8re paisible et la proximit\u00e9 de la nature conf\u00e8rent \u00e0 Ku\u00e5sen un caract\u00e8re particulier qui en fait un lieu recherch\u00e9 par les propri\u00e9taires de chalets et les visiteurs.<\/p>\n","protected":false},"excerpt":{"rendered":"<p>Zone de chalets dans le Ringsakerfjellet \u00e0 proximit\u00e9 de Sjusj\u00f8en<\/p>\n","protected":false},"author":4,"featured_media":4244,"comment_status":"open","ping_status":"open","sticky":false,"template":"","format":"standard","meta":{"_jetpack_newsletter_access":"","_jetpack_dont_email_post_to_subs":false,"_jetpack_newsletter_tier_id":0,"_jetpack_memberships_contains_paywalled_content":false,"_jetpack_feature_clip_id":0,"_jetpack_memberships_contains_paid_content":false,"footnotes":"","jetpack_post_was_ever_published":true},"categories":[53],"tags":[],"class_list":["post-4237","post","type-post","status-publish","format-standard","has-post-thumbnail","hentry","category-domaines-de-chalets"],"jetpack_sharing_enabled":true,"jetpack_featured_media_url":"https:\/\/pihlske.no\/wp-content\/uploads\/2025\/12\/Fotograf-Ingvild-Vestheim-Sjusjoen-vinter-3-scaled.webp","_links":{"self":[{"href":"https:\/\/pihlske.no\/fr\/wp-json\/wp\/v2\/posts\/4237","targetHints":{"allow":["GET"]}}],"collection":[{"href":"https:\/\/pihlske.no\/fr\/wp-json\/wp\/v2\/posts"}],"about":[{"href":"https:\/\/pihlske.no\/fr\/wp-json\/wp\/v2\/types\/post"}],"author":[{"embeddable":true,"href":"https:\/\/pihlske.no\/fr\/wp-json\/wp\/v2\/users\/4"}],"replies":[{"embeddable":true,"href":"https:\/\/pihlske.no\/fr\/wp-json\/wp\/v2\/comments?post=4237"}],"version-history":[{"count":2,"href":"https:\/\/pihlske.no\/fr\/wp-json\/wp\/v2\/posts\/4237\/revisions"}],"predecessor-version":[{"id":4248,"href":"https:\/\/pihlske.no\/fr\/wp-json\/wp\/v2\/posts\/4237\/revisions\/4248"}],"wp:featuredmedia":[{"embeddable":true,"href":"https:\/\/pihlske.no\/fr\/wp-json\/wp\/v2\/media\/4244"}],"wp:attachment":[{"href":"https:\/\/pihlske.no\/fr\/wp-json\/wp\/v2\/media?parent=4237"}],"wp:term":[{"taxonomy":"category","embeddable":true,"href":"https:\/\/pihlske.no\/fr\/wp-json\/wp\/v2\/categories?post=4237"},{"taxonomy":"post_tag","embeddable":true,"href":"https:\/\/pihlske.no\/fr\/wp-json\/wp\/v2\/tags?post=4237"}],"curies":[{"name":"wp","href":"https:\/\/api.w.org\/{rel}","templated":true}]}}